{"id":2770,"date":"2022-03-28T14:04:23","date_gmt":"2022-03-28T12:04:23","guid":{"rendered":"https:\/\/hessenrundschau.de\/?p=2770"},"modified":"2022-03-28T16:39:46","modified_gmt":"2022-03-28T14:39:46","slug":"blick-auf-den-grossglockner","status":"publish","type":"post","link":"https:\/\/hessenrundschau.de\/?p=2770","title":{"rendered":"Blick auf den Gro\u00dfglockner"},"content":{"rendered":"\n<p>Vom Stubnerkogel gesehen.<br><\/p>\n\n\n\n<p>&#8222;Der Gro\u00dfglockner, ist nicht nur der h\u00f6chste Berg \u00d6sterreichs, sondern z\u00e4hlt auch zu den h\u00f6chsten Gipfeln der Ostalpen. Der etwas niedrigere Kleinglockner ist dem Gro\u00dfglockner vorgelagert. Dazwischen liegt die sogenannte Glocknerscharte&#8220;, erl\u00e4utert Bergf\u00fchrer Erich Wuttke seinen Bergsteigerkurs-Teilnehmern, bevor er ihnen ein zackiges &#8222;Gl\u00fcckauf ! Ihr k\u00f6nnt ihn nicht verfehlen&#8220;, auf den Weg zum Gipfel mitgibt.<\/p>\n","protected":false},"excerpt":{"rendered":"<p>Vom Stubnerkogel gesehen. &#8222;Der Gro\u00dfglockner, ist nicht nur der h\u00f6chste Berg \u00d6sterreichs, sondern z\u00e4hlt auch zu den h\u00f6chsten Gipfeln der Ostalpen. Der etwas niedrigere Kleinglockner ist dem Gro\u00dfglockner vorgelagert. Dazwischen liegt die sogenannte Glocknerscharte&#8220;, erl\u00e4utert Bergf\u00fchrer Erich Wuttke seinen Bergsteigerkurs-Teilnehmern, bevor er ihnen ein zackiges &#8222;Gl\u00fcckauf ! Ihr k\u00f6nnt ihn&#8230;<\/p>\n","protected":false},"author":1,"featured_media":2763,"comment_status":"closed","ping_status":"open","sticky":false,"template":"","format":"standard","meta":{"_eb_attr":"","ngg_post_thumbnail":0,"footnotes":""},"categories":[1],"tags":[],"class_list":["post-2770","post","type-post","status-publish","format-standard","has-post-thumbnail","hentry","category-allgemein"],"_links":{"self":[{"href":"https:\/\/hessenrundschau.de\/index.php?rest_route=\/wp\/v2\/posts\/2770","targetHints":{"allow":["GET"]}}],"collection":[{"href":"https:\/\/hessenrundschau.de\/index.php?rest_route=\/wp\/v2\/posts"}],"about":[{"href":"https:\/\/hessenrundschau.de\/index.php?rest_route=\/wp\/v2\/types\/post"}],"author":[{"embeddable":true,"href":"https:\/\/hessenrundschau.de\/index.php?rest_route=\/wp\/v2\/users\/1"}],"replies":[{"embeddable":true,"href":"https:\/\/hessenrundschau.de\/index.php?rest_route=%2Fwp%2Fv2%2Fcomments&post=2770"}],"version-history":[{"count":2,"href":"https:\/\/hessenrundschau.de\/index.php?rest_route=\/wp\/v2\/posts\/2770\/revisions"}],"predecessor-version":[{"id":2779,"href":"https:\/\/hessenrundschau.de\/index.php?rest_route=\/wp\/v2\/posts\/2770\/revisions\/2779"}],"wp:featuredmedia":[{"embeddable":true,"href":"https:\/\/hessenrundschau.de\/index.php?rest_route=\/wp\/v2\/media\/2763"}],"wp:attachment":[{"href":"https:\/\/hessenrundschau.de\/index.php?rest_route=%2Fwp%2Fv2%2Fmedia&parent=2770"}],"wp:term":[{"taxonomy":"category","embeddable":true,"href":"https:\/\/hessenrundschau.de\/index.php?rest_route=%2Fwp%2Fv2%2Fcategories&post=2770"},{"taxonomy":"post_tag","embeddable":true,"href":"https:\/\/hessenrundschau.de\/index.php?rest_route=%2Fwp%2Fv2%2Ftags&post=2770"}],"curies":[{"name":"wp","href":"https:\/\/api.w.org\/{rel}","templated":true}]}}